{"id":27,"date":"2016-02-05T22:48:17","date_gmt":"2016-02-05T21:48:17","guid":{"rendered":"http:\/\/sas.tarniny.pl\/?p=27"},"modified":"2017-08-16T20:45:34","modified_gmt":"2017-08-16T18:45:34","slug":"problem-z-ustawieniem-anteny-nc","status":"publish","type":"post","link":"https:\/\/www.sas.szczecin.pl\/index.php\/2016\/02\/05\/problem-z-ustawieniem-anteny-nc\/","title":{"rendered":"Problem z ustawieniem anteny nc+ ?"},"content":{"rendered":"<p>Jako\u015b\u0107 sygna\u0142u 0 ?<\/p>\n<p>&nbsp;<\/p>\n<p>Ustawienie anteny metod\u0105 pr\u00f3b i b\u0142\u0119d\u00f3w, bez specjalistycznego miernika poziomu sygna\u0142u nadawanego z satelity, nie daje gwarancji, \u017ce b\u0119dziesz m\u00f3g\u0142 bez przeszk\u00f3d ogl\u0105da\u0107 telewizj\u0119 przy z\u0142ej pogodzie \u2013 np. podczas zachmurzenia lub opad\u00f3w. Gdy sygna\u0142 jest za s\u0142aby, fonia i wizja mo\u017ce ca\u0142kowicie zanika\u0107, mo\u017cliwe jest te\u017c wy\u015bwietlanie komunikat\u00f3w, tj. \u201eBrak Sygna\u0142u\u201d czy te\u017c \u201eSzukam Sygna\u0142u\u201d. \u015awiadcz\u0105 one najcz\u0119\u015bciej o niew\u0142a\u015bciwie dostrojonej antenie.<\/p>\n<p>&nbsp;<\/p>\n<p>Prawid\u0142owe ustawienie zestawu satelitarnego jest czynno\u015bci\u0105 skomplikowan\u0105 i wymaga u\u017cycia miernika. Dlatego polecamy\u00a0skorzystanie z naszych us\u0142ug. Za t\u0119 us\u0142ug\u0119 b\u0119dziesz musia\u0142 dodatkowo zap\u0142aci\u0107, ale zamontujemy i skonfigurujemy Tw\u00f3j sprz\u0119t optymalnie.<\/p>\n<p>&nbsp;<\/p>\n<p><strong>TEL. <b>519 119 429<\/b><\/strong><\/p>\n","protected":false},"excerpt":{"rendered":"<p>Jako\u015b\u0107 sygna\u0142u 0 ? &nbsp; Ustawienie anteny metod\u0105 pr\u00f3b i b\u0142\u0119d\u00f3w, bez specjalistycznego miernika poziomu sygna\u0142u nadawanego z satelity, nie daje gwarancji, \u017ce b\u0119dziesz m\u00f3g\u0142 bez przeszk\u00f3d ogl\u0105da\u0107 telewizj\u0119 przy z\u0142ej pogodzie \u2013 np. podczas zachmurzenia lub opad\u00f3w. Gdy sygna\u0142 jest za s\u0142aby, fonia i wizja mo\u017ce ca\u0142kowicie zanika\u0107, mo\u017cliwe jest te\u017c wy\u015bwietlanie komunikat\u00f3w, tj. &#8230; <a title=\"Problem z ustawieniem anteny nc+ ?\" class=\"read-more\" href=\"https:\/\/www.sas.szczecin.pl\/index.php\/2016\/02\/05\/problem-z-ustawieniem-anteny-nc\/\" aria-label=\"Dowiedz si\u0119 wi\u0119cej o Problem z ustawieniem anteny nc+ ?\">Dowiedz si\u0119 wi\u0119cej<\/a><\/p>\n","protected":false},"author":1,"featured_media":0,"comment_status":"closed","ping_status":"closed","sticky":true,"template":"","format":"standard","meta":{"footnotes":""},"categories":[1],"tags":[],"class_list":["post-27","post","type-post","status-publish","format-standard","hentry","category-anteny"],"_links":{"self":[{"href":"https:\/\/www.sas.szczecin.pl\/index.php\/wp-json\/wp\/v2\/posts\/27","targetHints":{"allow":["GET"]}}],"collection":[{"href":"https:\/\/www.sas.szczecin.pl\/index.php\/wp-json\/wp\/v2\/posts"}],"about":[{"href":"https:\/\/www.sas.szczecin.pl\/index.php\/wp-json\/wp\/v2\/types\/post"}],"author":[{"embeddable":true,"href":"https:\/\/www.sas.szczecin.pl\/index.php\/wp-json\/wp\/v2\/users\/1"}],"replies":[{"embeddable":true,"href":"https:\/\/www.sas.szczecin.pl\/index.php\/wp-json\/wp\/v2\/comments?post=27"}],"version-history":[{"count":2,"href":"https:\/\/www.sas.szczecin.pl\/index.php\/wp-json\/wp\/v2\/posts\/27\/revisions"}],"predecessor-version":[{"id":181,"href":"https:\/\/www.sas.szczecin.pl\/index.php\/wp-json\/wp\/v2\/posts\/27\/revisions\/181"}],"wp:attachment":[{"href":"https:\/\/www.sas.szczecin.pl\/index.php\/wp-json\/wp\/v2\/media?parent=27"}],"wp:term":[{"taxonomy":"category","embeddable":true,"href":"https:\/\/www.sas.szczecin.pl\/index.php\/wp-json\/wp\/v2\/categories?post=27"},{"taxonomy":"post_tag","embeddable":true,"href":"https:\/\/www.sas.szczecin.pl\/index.php\/wp-json\/wp\/v2\/tags?post=27"}],"curies":[{"name":"wp","href":"https:\/\/api.w.org\/{rel}","templated":true}]}}