{"id":29,"date":"2016-02-05T22:51:48","date_gmt":"2016-02-05T21:51:48","guid":{"rendered":"http:\/\/sas.tarniny.pl\/?p=29"},"modified":"2017-08-16T20:45:58","modified_gmt":"2017-08-16T18:45:58","slug":"brak-sygnalu-prosze-upewnic-sie-ze-dekoder-jest-prawidlowo-podlaczony-do-anteny","status":"publish","type":"post","link":"https:\/\/www.sas.szczecin.pl\/index.php\/2016\/02\/05\/brak-sygnalu-prosze-upewnic-sie-ze-dekoder-jest-prawidlowo-podlaczony-do-anteny\/","title":{"rendered":"Brak sygna\u0142u  Prosz\u0119 upewni\u0107 si\u0119, \u017ce dekoder jest prawid\u0142owo pod\u0142\u0105czony do anteny"},"content":{"rendered":"<p>Brak sygna\u0142u ?<\/p>\n<p>Prosz\u0119 upewni\u0107 si\u0119, \u017ce dekoder jest prawid\u0142owo pod\u0142\u0105czony do anteny ?<\/p>\n<p>&nbsp;<\/p>\n<p>Ustawienie anteny metod\u0105 pr\u00f3b i b\u0142\u0119d\u00f3w, bez specjalistycznego miernika poziomu sygna\u0142u nadawanego z satelity, nie daje gwarancji, \u017ce b\u0119dziesz m\u00f3g\u0142 bez przeszk\u00f3d ogl\u0105da\u0107 telewizj\u0119 przy z\u0142ej pogodzie \u2013 np. podczas zachmurzenia lub opad\u00f3w. Gdy sygna\u0142 jest za s\u0142aby, fonia i wizja mo\u017ce ca\u0142kowicie zanika\u0107, mo\u017cliwe jest te\u017c wy\u015bwietlanie komunikat\u00f3w, tj. \u201eBrak Sygna\u0142u\u201d czy te\u017c \u201eSzukam Sygna\u0142u\u201d. \u015awiadcz\u0105 one najcz\u0119\u015bciej o niew\u0142a\u015bciwie dostrojonej antenie.<\/p>\n<p>&nbsp;<\/p>\n<p>Prawid\u0142owe ustawienie zestawu satelitarnego jest czynno\u015bci\u0105 skomplikowan\u0105 i wymaga u\u017cycia miernika. Dlatego polecamy\u00a0skorzystanie z naszych us\u0142ug. Za t\u0119 us\u0142ug\u0119 b\u0119dziesz musia\u0142 dodatkowo zap\u0142aci\u0107, ale zamontujemy i skonfigurujemy Tw\u00f3j sprz\u0119t optymalnie.<\/p>\n<p>&nbsp;<\/p>\n<p><strong>TEL. <b>519 119 429<\/b><\/strong><\/p>\n","protected":false},"excerpt":{"rendered":"<p>Brak sygna\u0142u ? Prosz\u0119 upewni\u0107 si\u0119, \u017ce dekoder jest prawid\u0142owo pod\u0142\u0105czony do anteny ? &nbsp; Ustawienie anteny metod\u0105 pr\u00f3b i b\u0142\u0119d\u00f3w, bez specjalistycznego miernika poziomu sygna\u0142u nadawanego z satelity, nie daje gwarancji, \u017ce b\u0119dziesz m\u00f3g\u0142 bez przeszk\u00f3d ogl\u0105da\u0107 telewizj\u0119 przy z\u0142ej pogodzie \u2013 np. podczas zachmurzenia lub opad\u00f3w. Gdy sygna\u0142 jest za s\u0142aby, fonia i &#8230; <a title=\"Brak sygna\u0142u  Prosz\u0119 upewni\u0107 si\u0119, \u017ce dekoder jest prawid\u0142owo pod\u0142\u0105czony do anteny\" class=\"read-more\" href=\"https:\/\/www.sas.szczecin.pl\/index.php\/2016\/02\/05\/brak-sygnalu-prosze-upewnic-sie-ze-dekoder-jest-prawidlowo-podlaczony-do-anteny\/\" aria-label=\"Dowiedz si\u0119 wi\u0119cej o Brak sygna\u0142u  Prosz\u0119 upewni\u0107 si\u0119, \u017ce dekoder jest prawid\u0142owo pod\u0142\u0105czony do anteny\">Dowiedz si\u0119 wi\u0119cej<\/a><\/p>\n","protected":false},"author":1,"featured_media":0,"comment_status":"closed","ping_status":"closed","sticky":true,"template":"","format":"standard","meta":{"footnotes":""},"categories":[1],"tags":[],"class_list":["post-29","post","type-post","status-publish","format-standard","hentry","category-anteny"],"_links":{"self":[{"href":"https:\/\/www.sas.szczecin.pl\/index.php\/wp-json\/wp\/v2\/posts\/29","targetHints":{"allow":["GET"]}}],"collection":[{"href":"https:\/\/www.sas.szczecin.pl\/index.php\/wp-json\/wp\/v2\/posts"}],"about":[{"href":"https:\/\/www.sas.szczecin.pl\/index.php\/wp-json\/wp\/v2\/types\/post"}],"author":[{"embeddable":true,"href":"https:\/\/www.sas.szczecin.pl\/index.php\/wp-json\/wp\/v2\/users\/1"}],"replies":[{"embeddable":true,"href":"https:\/\/www.sas.szczecin.pl\/index.php\/wp-json\/wp\/v2\/comments?post=29"}],"version-history":[{"count":2,"href":"https:\/\/www.sas.szczecin.pl\/index.php\/wp-json\/wp\/v2\/posts\/29\/revisions"}],"predecessor-version":[{"id":182,"href":"https:\/\/www.sas.szczecin.pl\/index.php\/wp-json\/wp\/v2\/posts\/29\/revisions\/182"}],"wp:attachment":[{"href":"https:\/\/www.sas.szczecin.pl\/index.php\/wp-json\/wp\/v2\/media?parent=29"}],"wp:term":[{"taxonomy":"category","embeddable":true,"href":"https:\/\/www.sas.szczecin.pl\/index.php\/wp-json\/wp\/v2\/categories?post=29"},{"taxonomy":"post_tag","embeddable":true,"href":"https:\/\/www.sas.szczecin.pl\/index.php\/wp-json\/wp\/v2\/tags?post=29"}],"curies":[{"name":"wp","href":"https:\/\/api.w.org\/{rel}","templated":true}]}}