{"id":312,"date":"2020-03-18T22:28:42","date_gmt":"2020-03-18T21:28:42","guid":{"rendered":"https:\/\/sas.szczecin.pl\/?p=312"},"modified":"2020-03-18T22:28:42","modified_gmt":"2020-03-18T21:28:42","slug":"instalacja-anten-telewizyjnych-w-doluje-koscino","status":"publish","type":"post","link":"https:\/\/www.sas.szczecin.pl\/index.php\/2020\/03\/18\/instalacja-anten-telewizyjnych-w-doluje-koscino\/","title":{"rendered":"Instalacja anten telewizyjnych w Doluje &#8211; Ko\u015bcino"},"content":{"rendered":"\n<p><strong>Tel. 519 119 429 \u2013 Darek<\/strong><\/p>\n\n\n\n<p>Instalacja masztu przez dach\u00f3wk\u0119 uniwersaln\u0105. Antena satelitarna Polskiej firmy Corab o rozmiarze 90cm. Antena naziemna Televes. Konwerter opticum<\/p>\n\n\n\n<figure class=\"wp-block-gallery columns-3 is-cropped wp-block-gallery-1 is-layout-flex wp-block-gallery-is-layout-flex\"><ul class=\"blocks-gallery-grid\"><li class=\"blocks-gallery-item\"><figure><img loading=\"lazy\" decoding=\"async\" width=\"3024\" height=\"4032\" src=\"https:\/\/sas.szczecin.pl\/wp-content\/uploads\/2020\/03\/img_1028.jpg\" data-id=\"310\" class=\"wp-image-310\" srcset=\"https:\/\/www.sas.szczecin.pl\/wp-content\/uploads\/2020\/03\/img_1028.jpg 3024w, https:\/\/www.sas.szczecin.pl\/wp-content\/uploads\/2020\/03\/img_1028-225x300.jpg 225w, https:\/\/www.sas.szczecin.pl\/wp-content\/uploads\/2020\/03\/img_1028-768x1024.jpg 768w\" sizes=\"auto, (max-width: 3024px) 100vw, 3024px\" \/><\/figure><\/li><li class=\"blocks-gallery-item\"><figure><img loading=\"lazy\" decoding=\"async\" width=\"3024\" height=\"4032\" src=\"https:\/\/sas.szczecin.pl\/wp-content\/uploads\/2020\/03\/img_1027.jpg\" data-id=\"311\" class=\"wp-image-311\" srcset=\"https:\/\/www.sas.szczecin.pl\/wp-content\/uploads\/2020\/03\/img_1027.jpg 3024w, https:\/\/www.sas.szczecin.pl\/wp-content\/uploads\/2020\/03\/img_1027-225x300.jpg 225w, https:\/\/www.sas.szczecin.pl\/wp-content\/uploads\/2020\/03\/img_1027-768x1024.jpg 768w\" sizes=\"auto, (max-width: 3024px) 100vw, 3024px\" \/><\/figure><\/li><li class=\"blocks-gallery-item\"><figure><img loading=\"lazy\" decoding=\"async\" width=\"3024\" height=\"4032\" src=\"https:\/\/sas.szczecin.pl\/wp-content\/uploads\/2020\/03\/img_1026.jpg\" data-id=\"307\" class=\"wp-image-307\" srcset=\"https:\/\/www.sas.szczecin.pl\/wp-content\/uploads\/2020\/03\/img_1026.jpg 3024w, https:\/\/www.sas.szczecin.pl\/wp-content\/uploads\/2020\/03\/img_1026-225x300.jpg 225w, https:\/\/www.sas.szczecin.pl\/wp-content\/uploads\/2020\/03\/img_1026-768x1024.jpg 768w\" sizes=\"auto, (max-width: 3024px) 100vw, 3024px\" \/><\/figure><\/li><li class=\"blocks-gallery-item\"><figure><img loading=\"lazy\" decoding=\"async\" width=\"3024\" height=\"4032\" src=\"https:\/\/sas.szczecin.pl\/wp-content\/uploads\/2020\/03\/img_1025.jpg\" data-id=\"308\" class=\"wp-image-308\" srcset=\"https:\/\/www.sas.szczecin.pl\/wp-content\/uploads\/2020\/03\/img_1025.jpg 3024w, https:\/\/www.sas.szczecin.pl\/wp-content\/uploads\/2020\/03\/img_1025-225x300.jpg 225w, https:\/\/www.sas.szczecin.pl\/wp-content\/uploads\/2020\/03\/img_1025-768x1024.jpg 768w\" sizes=\"auto, (max-width: 3024px) 100vw, 3024px\" \/><\/figure><\/li><li class=\"blocks-gallery-item\"><figure><img loading=\"lazy\" decoding=\"async\" width=\"3024\" height=\"4032\" src=\"https:\/\/sas.szczecin.pl\/wp-content\/uploads\/2020\/03\/img_1024.jpg\" data-id=\"309\" class=\"wp-image-309\" srcset=\"https:\/\/www.sas.szczecin.pl\/wp-content\/uploads\/2020\/03\/img_1024.jpg 3024w, https:\/\/www.sas.szczecin.pl\/wp-content\/uploads\/2020\/03\/img_1024-225x300.jpg 225w, https:\/\/www.sas.szczecin.pl\/wp-content\/uploads\/2020\/03\/img_1024-768x1024.jpg 768w\" sizes=\"auto, (max-width: 3024px) 100vw, 3024px\" \/><\/figure><\/li><\/ul><figcaption class=\"blocks-gallery-caption\"><strong>Tel. 519 119 429 \u2013 Darek<\/strong><\/figcaption><\/figure>\n","protected":false},"excerpt":{"rendered":"<p>Tel. 519 119 429 \u2013 Darek Instalacja masztu przez dach\u00f3wk\u0119 uniwersaln\u0105. Antena satelitarna Polskiej firmy Corab o rozmiarze 90cm. Antena naziemna Televes. Konwerter opticum<\/p>\n","protected":false},"author":1,"featured_media":0,"comment_status":"closed","ping_status":"closed","sticky":false,"template":"","format":"standard","meta":{"footnotes":""},"categories":[1],"tags":[],"class_list":["post-312","post","type-post","status-publish","format-standard","hentry","category-anteny"],"_links":{"self":[{"href":"https:\/\/www.sas.szczecin.pl\/index.php\/wp-json\/wp\/v2\/posts\/312","targetHints":{"allow":["GET"]}}],"collection":[{"href":"https:\/\/www.sas.szczecin.pl\/index.php\/wp-json\/wp\/v2\/posts"}],"about":[{"href":"https:\/\/www.sas.szczecin.pl\/index.php\/wp-json\/wp\/v2\/types\/post"}],"author":[{"embeddable":true,"href":"https:\/\/www.sas.szczecin.pl\/index.php\/wp-json\/wp\/v2\/users\/1"}],"replies":[{"embeddable":true,"href":"https:\/\/www.sas.szczecin.pl\/index.php\/wp-json\/wp\/v2\/comments?post=312"}],"version-history":[{"count":0,"href":"https:\/\/www.sas.szczecin.pl\/index.php\/wp-json\/wp\/v2\/posts\/312\/revisions"}],"wp:attachment":[{"href":"https:\/\/www.sas.szczecin.pl\/index.php\/wp-json\/wp\/v2\/media?parent=312"}],"wp:term":[{"taxonomy":"category","embeddable":true,"href":"https:\/\/www.sas.szczecin.pl\/index.php\/wp-json\/wp\/v2\/categories?post=312"},{"taxonomy":"post_tag","embeddable":true,"href":"https:\/\/www.sas.szczecin.pl\/index.php\/wp-json\/wp\/v2\/tags?post=312"}],"curies":[{"name":"wp","href":"https:\/\/api.w.org\/{rel}","templated":true}]}}