{"id":78,"date":"2016-04-18T20:16:47","date_gmt":"2016-04-18T18:16:47","guid":{"rendered":"http:\/\/sas.szczecin.pl\/?p=78"},"modified":"2017-08-16T20:43:25","modified_gmt":"2017-08-16T18:43:25","slug":"montaz-dobra-szczecinska","status":"publish","type":"post","link":"https:\/\/www.sas.szczecin.pl\/index.php\/2016\/04\/18\/montaz-dobra-szczecinska\/","title":{"rendered":"Monta\u017c Dobra Szczeci\u0144ska"},"content":{"rendered":"<p>Estetyczny monta\u017c wykonany w Dobrej.<\/p>\n<p>Maszt przymocowany do komina przy pomocy obejm murowych.<\/p>\n<p>Wszystko w kolorze ciemnym.<\/p>\n<p>&nbsp;<\/p>\n<p><strong>Tel. <b>519 119 429<\/b> \u2013 Darek<\/strong><\/p>\n<p><img loading=\"lazy\" decoding=\"async\" class=\"alignnone wp-image-79 size-large\" src=\"https:\/\/sas.szczecin.pl\/wp-content\/uploads\/2016\/04\/DSC00471-1024x768.jpg\" alt=\"\" width=\"1024\" height=\"768\" srcset=\"https:\/\/www.sas.szczecin.pl\/wp-content\/uploads\/2016\/04\/DSC00471-1024x768.jpg 1024w, https:\/\/www.sas.szczecin.pl\/wp-content\/uploads\/2016\/04\/DSC00471-300x225.jpg 300w, https:\/\/www.sas.szczecin.pl\/wp-content\/uploads\/2016\/04\/DSC00471-768x576.jpg 768w\" sizes=\"auto, (max-width: 1024px) 100vw, 1024px\" \/><\/p>\n","protected":false},"excerpt":{"rendered":"<p>Estetyczny monta\u017c wykonany w Dobrej. Maszt przymocowany do komina przy pomocy obejm murowych. Wszystko w kolorze ciemnym. &nbsp; Tel. 519 119 429 \u2013 Darek<\/p>\n","protected":false},"author":1,"featured_media":0,"comment_status":"closed","ping_status":"closed","sticky":false,"template":"","format":"standard","meta":{"footnotes":""},"categories":[1],"tags":[],"class_list":["post-78","post","type-post","status-publish","format-standard","hentry","category-anteny"],"_links":{"self":[{"href":"https:\/\/www.sas.szczecin.pl\/index.php\/wp-json\/wp\/v2\/posts\/78","targetHints":{"allow":["GET"]}}],"collection":[{"href":"https:\/\/www.sas.szczecin.pl\/index.php\/wp-json\/wp\/v2\/posts"}],"about":[{"href":"https:\/\/www.sas.szczecin.pl\/index.php\/wp-json\/wp\/v2\/types\/post"}],"author":[{"embeddable":true,"href":"https:\/\/www.sas.szczecin.pl\/index.php\/wp-json\/wp\/v2\/users\/1"}],"replies":[{"embeddable":true,"href":"https:\/\/www.sas.szczecin.pl\/index.php\/wp-json\/wp\/v2\/comments?post=78"}],"version-history":[{"count":6,"href":"https:\/\/www.sas.szczecin.pl\/index.php\/wp-json\/wp\/v2\/posts\/78\/revisions"}],"predecessor-version":[{"id":177,"href":"https:\/\/www.sas.szczecin.pl\/index.php\/wp-json\/wp\/v2\/posts\/78\/revisions\/177"}],"wp:attachment":[{"href":"https:\/\/www.sas.szczecin.pl\/index.php\/wp-json\/wp\/v2\/media?parent=78"}],"wp:term":[{"taxonomy":"category","embeddable":true,"href":"https:\/\/www.sas.szczecin.pl\/index.php\/wp-json\/wp\/v2\/categories?post=78"},{"taxonomy":"post_tag","embeddable":true,"href":"https:\/\/www.sas.szczecin.pl\/index.php\/wp-json\/wp\/v2\/tags?post=78"}],"curies":[{"name":"wp","href":"https:\/\/api.w.org\/{rel}","templated":true}]}}