{"id":92,"date":"2016-07-16T12:04:28","date_gmt":"2016-07-16T10:04:28","guid":{"rendered":"https:\/\/sas.szczecin.pl\/?p=92"},"modified":"2017-08-16T20:42:54","modified_gmt":"2017-08-16T18:42:54","slug":"modernizacja-instalacji-antenowej-w-wolczkowie","status":"publish","type":"post","link":"https:\/\/www.sas.szczecin.pl\/index.php\/2016\/07\/16\/modernizacja-instalacji-antenowej-w-wolczkowie\/","title":{"rendered":"Modernizacja instalacji antenowej w Wo\u0142czkowie"},"content":{"rendered":"<p>Modernizacja instalacji antenowej w &#8222;Zajazd Pod Lipami&#8221; w Wo\u0142czkowie.<\/p>\n<p>Przeniesienie anteny satelitarnej z dala od drzew. Do\u0142o\u017cenie anteny naziemnej w celu odbierania nie kodowanych kana\u0142\u00f3w niemieckich DVB-T.<\/p>\n<p>Poprawienie gniazdek i przewod\u00f3w w pokojach.<\/p>\n<p>&nbsp;<\/p>\n<p><strong>Tel. <b>519 119 429<\/b> \u2013 Darek<\/strong><\/p>\n<p>&nbsp;<\/p>\n<p><img loading=\"lazy\" decoding=\"async\" class=\"alignnone wp-image-35 size-full\" src=\"https:\/\/sas.szczecin.pl\/wp-content\/uploads\/2016\/02\/DSC_0099-e1468663441744.jpg\" alt=\"Wolczkowo\" width=\"450\" height=\"800\" srcset=\"https:\/\/www.sas.szczecin.pl\/wp-content\/uploads\/2016\/02\/DSC_0099-e1468663441744.jpg 450w, https:\/\/www.sas.szczecin.pl\/wp-content\/uploads\/2016\/02\/DSC_0099-e1468663441744-169x300.jpg 169w\" sizes=\"auto, (max-width: 450px) 100vw, 450px\" \/><\/p>\n","protected":false},"excerpt":{"rendered":"<p>Modernizacja instalacji antenowej w &#8222;Zajazd Pod Lipami&#8221; w Wo\u0142czkowie. Przeniesienie anteny satelitarnej z dala od drzew. Do\u0142o\u017cenie anteny naziemnej w celu odbierania nie kodowanych kana\u0142\u00f3w niemieckich DVB-T. Poprawienie gniazdek i przewod\u00f3w w pokojach. &nbsp; Tel. 519 119 429 \u2013 Darek &nbsp;<\/p>\n","protected":false},"author":1,"featured_media":0,"comment_status":"closed","ping_status":"closed","sticky":false,"template":"","format":"standard","meta":{"footnotes":""},"categories":[1],"tags":[],"class_list":["post-92","post","type-post","status-publish","format-standard","hentry","category-anteny"],"_links":{"self":[{"href":"https:\/\/www.sas.szczecin.pl\/index.php\/wp-json\/wp\/v2\/posts\/92","targetHints":{"allow":["GET"]}}],"collection":[{"href":"https:\/\/www.sas.szczecin.pl\/index.php\/wp-json\/wp\/v2\/posts"}],"about":[{"href":"https:\/\/www.sas.szczecin.pl\/index.php\/wp-json\/wp\/v2\/types\/post"}],"author":[{"embeddable":true,"href":"https:\/\/www.sas.szczecin.pl\/index.php\/wp-json\/wp\/v2\/users\/1"}],"replies":[{"embeddable":true,"href":"https:\/\/www.sas.szczecin.pl\/index.php\/wp-json\/wp\/v2\/comments?post=92"}],"version-history":[{"count":3,"href":"https:\/\/www.sas.szczecin.pl\/index.php\/wp-json\/wp\/v2\/posts\/92\/revisions"}],"predecessor-version":[{"id":176,"href":"https:\/\/www.sas.szczecin.pl\/index.php\/wp-json\/wp\/v2\/posts\/92\/revisions\/176"}],"wp:attachment":[{"href":"https:\/\/www.sas.szczecin.pl\/index.php\/wp-json\/wp\/v2\/media?parent=92"}],"wp:term":[{"taxonomy":"category","embeddable":true,"href":"https:\/\/www.sas.szczecin.pl\/index.php\/wp-json\/wp\/v2\/categories?post=92"},{"taxonomy":"post_tag","embeddable":true,"href":"https:\/\/www.sas.szczecin.pl\/index.php\/wp-json\/wp\/v2\/tags?post=92"}],"curies":[{"name":"wp","href":"https:\/\/api.w.org\/{rel}","templated":true}]}}